{"id":1297,"date":"2022-08-07T22:32:05","date_gmt":"2022-08-07T20:32:05","guid":{"rendered":"https:\/\/bestveronaguides.it\/verone-au-debut-du-xxe-siecle\/"},"modified":"2023-08-03T17:05:24","modified_gmt":"2023-08-03T15:05:24","slug":"verone-au-debut-du-xxe-siecle","status":"publish","type":"post","link":"https:\/\/bestveronaguides.it\/fr\/verone-au-debut-du-xxe-siecle\/","title":{"rendered":"V\u00e9rone au d\u00e9but du XXe si\u00e8cle"},"content":{"rendered":"\n<p><p lang=\"zxx\"><span style=\"font-family: verdana, geneva, sans-serif;\">Dans notre ville, de la m\u00eame mani\u00e8re &#8211; quoique de mani\u00e8re moins \u00e9vidente &#8211; que dans d&rsquo;autres grandes villes du nord de l&rsquo;Italie, il est possible de reconstruire un itin\u00e9raire sur les lieux qui ont marqu\u00e9 le d\u00e9veloppement de la soci\u00e9t\u00e9 dans la transition entre le XIXe et le XXe si\u00e8cle, apr\u00e8s l&rsquo;unification d&rsquo;Italie, dans les carrefours \u00e9conomiques et politiques qui ont catapult\u00e9 V\u00e9rone dans un cyclone de tensions fortes et sanglantes. L&rsquo;aube de <strong>la Grande Guerre, la Victoire mutil\u00e9e et le Biennium Rouge<\/strong>, avec leurs bouleversements id\u00e9ologiques ; <b>la mont\u00e9e des escouades fascistes<\/b>, mais aussi des personnalit\u00e9s m\u00e9connues de cette conjoncture historique, qui ont travers\u00e9 <strong>les vingt ans du r\u00e9gime<\/strong> avec des \u00e9volutions totalement impr\u00e9visibles. Jusqu&rsquo;aux \u00e9pilogues, aussi c\u00e9l\u00e8bres que tragiques, de<strong> la R\u00e9publique Sociale<\/strong>, avec la pr\u00e9sence \u00e0 V\u00e9rone des commandants SS et avec l&rsquo;histoire fatale de Galeazzo Ciano et Edda Mussolini.<\/span><\/p>\n\n<p><strong><span style=\"font-family: verdana, geneva, sans-serif;\">En b<\/span><span style=\"font-family: verdana, geneva, sans-serif; font-size: 1rem; white-space: pre-wrap;\">ref<\/span><\/strong><\/p>&#13;\n<pre id=\"tw-target-text\" class=\"tw-data-text tw-text-large tw-ta\" dir=\"ltr\" data-placeholder=\"Traduzione\"><span class=\"Y2IQFc\" lang=\"fr\" style=\"font-family: verdana, geneva, sans-serif;\">La visite touchera des lieux symboliques et des carrefours peu connus de l'histoire locale du XXe si\u00e8cle, et surtout l'entr\u00e9e du <strong>Palazzo dei Mutilati<\/strong>, un magnifique exemple du <strong>style fasciste<\/strong>, encore parfaitement intact, non seulement dans ses formes ext\u00e9rieures et mobilier, mais aussi dans sa fonction, qui depuis 1933 a toujours \u00e9t\u00e9 le si\u00e8ge de l'ANMIG (Association Nationale des Invalides de Guerre et des Mutil\u00e9s), sans interruption.&#13;\n&#13;\nSur demande, il est \u00e9galement possible d'ajouter une visite \u00e0 la <strong>salle futuriste<\/strong>, \u00e0 l'int\u00e9rieur d'une propri\u00e9t\u00e9 priv\u00e9e, d\u00e9cor\u00e9e de fresques par des peintres locaux dans les ann\u00e9es 1940, et\/ou l'acc\u00e8s \u00e0 un authentique <strong>bunker allemand<\/strong> qui existe toujours.&#13;\n&#13;\n<strong>Dur\u00e9e de la visite<\/strong> : \u00e0 partir de 2 heures&#13;\n&#13;\n<strong>Tarif<\/strong> : \u00e0 partir de 75 \u20ac\/h&#13;\n&#13;\n<strong>CONTACTEZ LE GUIDE:<\/strong> daniele.bressan@hotmail.it<\/span><\/pre><\/p>\n\n<p><a href=\"https:\/\/bestveronaguides.it\/guide\/danielebressan\/\" data-type=\"URL\" data-id=\"https:\/\/bestveronaguides.it\/guide\/danielebressan\/\"><img decoding=\"async\" width=\"150\" height=\"150\" class=\"wp-image-1098\" style=\"width: 150px;\" src=\"https:\/\/bestveronaguides.it\/media\/prova.jpg\" alt=\"\" srcset=\"https:\/\/bestveronaguides.it\/media\/prova.jpg 683w, https:\/\/bestveronaguides.it\/media\/prova-500x500.jpg 500w, https:\/\/bestveronaguides.it\/media\/prova-150x150.jpg 150w\" sizes=\"(max-width: 150px) 100vw, 150px\" \/><\/a><\/p>\n","protected":false},"excerpt":{"rendered":"<p>V\u00e9rone au d\u00e9but du XXe si\u00e8cle est un magma social et politique dans lequel les destins d&rsquo;une g\u00e9n\u00e9ration fatale se croisent et fermentent.<\/p>\n","protected":false},"author":5,"featured_media":1286,"comment_status":"closed","ping_status":"closed","sticky":false,"template":"","format":"standard","meta":{"footnotes":""},"class_list":["post-1297","post","type-post","status-publish","format-standard","has-post-thumbnail","hentry"],"yoast_head":"<!-- This site is optimized with the Yoast SEO plugin v24.7 - https:\/\/yoast.com\/wordpress\/plugins\/seo\/ -->\n<title>V\u00e9rone au d\u00e9but du XXe si\u00e8cle - Best Verona Guides<\/title>\n<meta name=\"robots\" content=\"index, follow, max-snippet:-1, max-image-preview:large, max-video-preview:-1\" \/>\n<link rel=\"canonical\" href=\"https:\/\/bestveronaguides.it\/fr\/verone-au-debut-du-xxe-siecle\/\" \/>\n<meta property=\"og:locale\" content=\"fr_FR\" \/>\n<meta property=\"og:type\" content=\"article\" \/>\n<meta property=\"og:title\" content=\"V\u00e9rone au d\u00e9but du XXe si\u00e8cle - Best Verona Guides\" \/>\n<meta property=\"og:description\" content=\"V\u00e9rone au d\u00e9but du XXe si\u00e8cle est un magma social et politique dans lequel les destins d&#039;une g\u00e9n\u00e9ration fatale se croisent et fermentent.\" \/>\n<meta property=\"og:url\" content=\"https:\/\/bestveronaguides.it\/fr\/verone-au-debut-du-xxe-siecle\/\" \/>\n<meta property=\"og:site_name\" content=\"Best Verona Guides\" \/>\n<meta property=\"article:published_time\" content=\"2022-08-07T20:32:05+00:00\" \/>\n<meta property=\"article:modified_time\" content=\"2023-08-03T15:05:24+00:00\" \/>\n<meta property=\"og:image\" content=\"https:\/\/bestveronaguides.it\/media\/900-1.jpg\" \/>\n\t<meta property=\"og:image:width\" content=\"1920\" \/>\n\t<meta property=\"og:image:height\" content=\"621\" \/>\n\t<meta property=\"og:image:type\" content=\"image\/jpeg\" \/>\n<meta name=\"author\" content=\"Daniele Bressan\" \/>\n<meta name=\"twitter:card\" content=\"summary_large_image\" \/>\n<meta name=\"twitter:label1\" content=\"\u00c9crit par\" \/>\n\t<meta name=\"twitter:data1\" content=\"Daniele Bressan\" \/>\n\t<meta name=\"twitter:label2\" content=\"Dur\u00e9e de lecture estim\u00e9e\" \/>\n\t<meta name=\"twitter:data2\" content=\"1 minute\" \/>\n<script type=\"application\/ld+json\" class=\"yoast-schema-graph\">{\"@context\":\"https:\/\/schema.org\",\"@graph\":[{\"@type\":\"Article\",\"@id\":\"https:\/\/bestveronaguides.it\/fr\/verone-au-debut-du-xxe-siecle\/#article\",\"isPartOf\":{\"@id\":\"https:\/\/bestveronaguides.it\/fr\/verone-au-debut-du-xxe-siecle\/\"},\"author\":{\"name\":\"Daniele Bressan\",\"@id\":\"https:\/\/bestveronaguides.it\/fr\/#\/schema\/person\/b6f39ca3e6aae92b2734ed3fdba977e1\"},\"headline\":\"V\u00e9rone au d\u00e9but du XXe si\u00e8cle\",\"datePublished\":\"2022-08-07T20:32:05+00:00\",\"dateModified\":\"2023-08-03T15:05:24+00:00\",\"mainEntityOfPage\":{\"@id\":\"https:\/\/bestveronaguides.it\/fr\/verone-au-debut-du-xxe-siecle\/\"},\"wordCount\":182,\"publisher\":{\"@id\":\"https:\/\/bestveronaguides.it\/fr\/#organization\"},\"image\":{\"@id\":\"https:\/\/bestveronaguides.it\/fr\/verone-au-debut-du-xxe-siecle\/#primaryimage\"},\"thumbnailUrl\":\"https:\/\/bestveronaguides.it\/media\/900-1.jpg\",\"inLanguage\":\"fr-FR\"},{\"@type\":\"WebPage\",\"@id\":\"https:\/\/bestveronaguides.it\/fr\/verone-au-debut-du-xxe-siecle\/\",\"url\":\"https:\/\/bestveronaguides.it\/fr\/verone-au-debut-du-xxe-siecle\/\",\"name\":\"V\u00e9rone au d\u00e9but du XXe si\u00e8cle - Best Verona Guides\",\"isPartOf\":{\"@id\":\"https:\/\/bestveronaguides.it\/fr\/#website\"},\"primaryImageOfPage\":{\"@id\":\"https:\/\/bestveronaguides.it\/fr\/verone-au-debut-du-xxe-siecle\/#primaryimage\"},\"image\":{\"@id\":\"https:\/\/bestveronaguides.it\/fr\/verone-au-debut-du-xxe-siecle\/#primaryimage\"},\"thumbnailUrl\":\"https:\/\/bestveronaguides.it\/media\/900-1.jpg\",\"datePublished\":\"2022-08-07T20:32:05+00:00\",\"dateModified\":\"2023-08-03T15:05:24+00:00\",\"breadcrumb\":{\"@id\":\"https:\/\/bestveronaguides.it\/fr\/verone-au-debut-du-xxe-siecle\/#breadcrumb\"},\"inLanguage\":\"fr-FR\",\"potentialAction\":[{\"@type\":\"ReadAction\",\"target\":[\"https:\/\/bestveronaguides.it\/fr\/verone-au-debut-du-xxe-siecle\/\"]}]},{\"@type\":\"ImageObject\",\"inLanguage\":\"fr-FR\",\"@id\":\"https:\/\/bestveronaguides.it\/fr\/verone-au-debut-du-xxe-siecle\/#primaryimage\",\"url\":\"https:\/\/bestveronaguides.it\/media\/900-1.jpg\",\"contentUrl\":\"https:\/\/bestveronaguides.it\/media\/900-1.jpg\",\"width\":1920,\"height\":621},{\"@type\":\"BreadcrumbList\",\"@id\":\"https:\/\/bestveronaguides.it\/fr\/verone-au-debut-du-xxe-siecle\/#breadcrumb\",\"itemListElement\":[{\"@type\":\"ListItem\",\"position\":1,\"name\":\"Home\",\"item\":\"https:\/\/bestveronaguides.it\/fr\/home\/\"},{\"@type\":\"ListItem\",\"position\":2,\"name\":\"V\u00e9rone au d\u00e9but du XXe si\u00e8cle\"}]},{\"@type\":\"WebSite\",\"@id\":\"https:\/\/bestveronaguides.it\/fr\/#website\",\"url\":\"https:\/\/bestveronaguides.it\/fr\/\",\"name\":\"Best Verona Guides\",\"description\":\"La tua guida in un attimo\",\"publisher\":{\"@id\":\"https:\/\/bestveronaguides.it\/fr\/#organization\"},\"potentialAction\":[{\"@type\":\"SearchAction\",\"target\":{\"@type\":\"EntryPoint\",\"urlTemplate\":\"https:\/\/bestveronaguides.it\/fr\/?s={search_term_string}\"},\"query-input\":{\"@type\":\"PropertyValueSpecification\",\"valueRequired\":true,\"valueName\":\"search_term_string\"}}],\"inLanguage\":\"fr-FR\"},{\"@type\":\"Organization\",\"@id\":\"https:\/\/bestveronaguides.it\/fr\/#organization\",\"name\":\"Associazione Assoguide Verona\",\"url\":\"https:\/\/bestveronaguides.it\/fr\/\",\"logo\":{\"@type\":\"ImageObject\",\"inLanguage\":\"fr-FR\",\"@id\":\"https:\/\/bestveronaguides.it\/fr\/#\/schema\/logo\/image\/\",\"url\":\"https:\/\/bestveronaguides.it\/media\/logo.png\",\"contentUrl\":\"https:\/\/bestveronaguides.it\/media\/logo.png\",\"width\":444,\"height\":237,\"caption\":\"Associazione Assoguide Verona\"},\"image\":{\"@id\":\"https:\/\/bestveronaguides.it\/fr\/#\/schema\/logo\/image\/\"}},{\"@type\":\"Person\",\"@id\":\"https:\/\/bestveronaguides.it\/fr\/#\/schema\/person\/b6f39ca3e6aae92b2734ed3fdba977e1\",\"name\":\"Daniele Bressan\",\"url\":\"https:\/\/bestveronaguides.it\/fr\/guide\/danielebressan\/\"}]}<\/script>\n<!-- \/ Yoast SEO plugin. -->","yoast_head_json":{"title":"V\u00e9rone au d\u00e9but du XXe si\u00e8cle - Best Verona Guides","robots":{"index":"index","follow":"follow","max-snippet":"max-snippet:-1","max-image-preview":"max-image-preview:large","max-video-preview":"max-video-preview:-1"},"canonical":"https:\/\/bestveronaguides.it\/fr\/verone-au-debut-du-xxe-siecle\/","og_locale":"fr_FR","og_type":"article","og_title":"V\u00e9rone au d\u00e9but du XXe si\u00e8cle - Best Verona Guides","og_description":"V\u00e9rone au d\u00e9but du XXe si\u00e8cle est un magma social et politique dans lequel les destins d'une g\u00e9n\u00e9ration fatale se croisent et fermentent.","og_url":"https:\/\/bestveronaguides.it\/fr\/verone-au-debut-du-xxe-siecle\/","og_site_name":"Best Verona Guides","article_published_time":"2022-08-07T20:32:05+00:00","article_modified_time":"2023-08-03T15:05:24+00:00","og_image":[{"width":1920,"height":621,"url":"https:\/\/bestveronaguides.it\/media\/900-1.jpg","type":"image\/jpeg"}],"author":"Daniele Bressan","twitter_card":"summary_large_image","twitter_misc":{"\u00c9crit par":"Daniele Bressan","Dur\u00e9e de lecture estim\u00e9e":"1 minute"},"schema":{"@context":"https:\/\/schema.org","@graph":[{"@type":"Article","@id":"https:\/\/bestveronaguides.it\/fr\/verone-au-debut-du-xxe-siecle\/#article","isPartOf":{"@id":"https:\/\/bestveronaguides.it\/fr\/verone-au-debut-du-xxe-siecle\/"},"author":{"name":"Daniele Bressan","@id":"https:\/\/bestveronaguides.it\/fr\/#\/schema\/person\/b6f39ca3e6aae92b2734ed3fdba977e1"},"headline":"V\u00e9rone au d\u00e9but du XXe si\u00e8cle","datePublished":"2022-08-07T20:32:05+00:00","dateModified":"2023-08-03T15:05:24+00:00","mainEntityOfPage":{"@id":"https:\/\/bestveronaguides.it\/fr\/verone-au-debut-du-xxe-siecle\/"},"wordCount":182,"publisher":{"@id":"https:\/\/bestveronaguides.it\/fr\/#organization"},"image":{"@id":"https:\/\/bestveronaguides.it\/fr\/verone-au-debut-du-xxe-siecle\/#primaryimage"},"thumbnailUrl":"https:\/\/bestveronaguides.it\/media\/900-1.jpg","inLanguage":"fr-FR"},{"@type":"WebPage","@id":"https:\/\/bestveronaguides.it\/fr\/verone-au-debut-du-xxe-siecle\/","url":"https:\/\/bestveronaguides.it\/fr\/verone-au-debut-du-xxe-siecle\/","name":"V\u00e9rone au d\u00e9but du XXe si\u00e8cle - Best Verona Guides","isPartOf":{"@id":"https:\/\/bestveronaguides.it\/fr\/#website"},"primaryImageOfPage":{"@id":"https:\/\/bestveronaguides.it\/fr\/verone-au-debut-du-xxe-siecle\/#primaryimage"},"image":{"@id":"https:\/\/bestveronaguides.it\/fr\/verone-au-debut-du-xxe-siecle\/#primaryimage"},"thumbnailUrl":"https:\/\/bestveronaguides.it\/media\/900-1.jpg","datePublished":"2022-08-07T20:32:05+00:00","dateModified":"2023-08-03T15:05:24+00:00","breadcrumb":{"@id":"https:\/\/bestveronaguides.it\/fr\/verone-au-debut-du-xxe-siecle\/#breadcrumb"},"inLanguage":"fr-FR","potentialAction":[{"@type":"ReadAction","target":["https:\/\/bestveronaguides.it\/fr\/verone-au-debut-du-xxe-siecle\/"]}]},{"@type":"ImageObject","inLanguage":"fr-FR","@id":"https:\/\/bestveronaguides.it\/fr\/verone-au-debut-du-xxe-siecle\/#primaryimage","url":"https:\/\/bestveronaguides.it\/media\/900-1.jpg","contentUrl":"https:\/\/bestveronaguides.it\/media\/900-1.jpg","width":1920,"height":621},{"@type":"BreadcrumbList","@id":"https:\/\/bestveronaguides.it\/fr\/verone-au-debut-du-xxe-siecle\/#breadcrumb","itemListElement":[{"@type":"ListItem","position":1,"name":"Home","item":"https:\/\/bestveronaguides.it\/fr\/home\/"},{"@type":"ListItem","position":2,"name":"V\u00e9rone au d\u00e9but du XXe si\u00e8cle"}]},{"@type":"WebSite","@id":"https:\/\/bestveronaguides.it\/fr\/#website","url":"https:\/\/bestveronaguides.it\/fr\/","name":"Best Verona Guides","description":"La tua guida in un attimo","publisher":{"@id":"https:\/\/bestveronaguides.it\/fr\/#organization"},"potentialAction":[{"@type":"SearchAction","target":{"@type":"EntryPoint","urlTemplate":"https:\/\/bestveronaguides.it\/fr\/?s={search_term_string}"},"query-input":{"@type":"PropertyValueSpecification","valueRequired":true,"valueName":"search_term_string"}}],"inLanguage":"fr-FR"},{"@type":"Organization","@id":"https:\/\/bestveronaguides.it\/fr\/#organization","name":"Associazione Assoguide Verona","url":"https:\/\/bestveronaguides.it\/fr\/","logo":{"@type":"ImageObject","inLanguage":"fr-FR","@id":"https:\/\/bestveronaguides.it\/fr\/#\/schema\/logo\/image\/","url":"https:\/\/bestveronaguides.it\/media\/logo.png","contentUrl":"https:\/\/bestveronaguides.it\/media\/logo.png","width":444,"height":237,"caption":"Associazione Assoguide Verona"},"image":{"@id":"https:\/\/bestveronaguides.it\/fr\/#\/schema\/logo\/image\/"}},{"@type":"Person","@id":"https:\/\/bestveronaguides.it\/fr\/#\/schema\/person\/b6f39ca3e6aae92b2734ed3fdba977e1","name":"Daniele Bressan","url":"https:\/\/bestveronaguides.it\/fr\/guide\/danielebressan\/"}]}},"_links":{"self":[{"href":"https:\/\/bestveronaguides.it\/fr\/wp-json\/wp\/v2\/posts\/1297","targetHints":{"allow":["GET"]}}],"collection":[{"href":"https:\/\/bestveronaguides.it\/fr\/wp-json\/wp\/v2\/posts"}],"about":[{"href":"https:\/\/bestveronaguides.it\/fr\/wp-json\/wp\/v2\/types\/post"}],"author":[{"embeddable":true,"href":"https:\/\/bestveronaguides.it\/fr\/wp-json\/wp\/v2\/users\/5"}],"replies":[{"embeddable":true,"href":"https:\/\/bestveronaguides.it\/fr\/wp-json\/wp\/v2\/comments?post=1297"}],"version-history":[{"count":0,"href":"https:\/\/bestveronaguides.it\/fr\/wp-json\/wp\/v2\/posts\/1297\/revisions"}],"wp:featuredmedia":[{"embeddable":true,"href":"https:\/\/bestveronaguides.it\/fr\/wp-json\/wp\/v2\/media\/1286"}],"wp:attachment":[{"href":"https:\/\/bestveronaguides.it\/fr\/wp-json\/wp\/v2\/media?parent=1297"}],"curies":[{"name":"wp","href":"https:\/\/api.w.org\/{rel}","templated":true}]}}