{"id":1682,"date":"2022-12-11T16:07:44","date_gmt":"2022-12-11T15:07:44","guid":{"rendered":"https:\/\/bestveronaguides.it\/el-jardin-giusti\/"},"modified":"2022-12-11T16:07:51","modified_gmt":"2022-12-11T15:07:51","slug":"el-jardin-giusti","status":"publish","type":"post","link":"https:\/\/bestveronaguides.it\/es\/el-jardin-giusti\/","title":{"rendered":"El Jard\u00edn Giusti"},"content":{"rendered":"\n<p>Este jard\u00edn del Renacimiento tard\u00edo situado sobre la ladera de una colina que se abre a la ciudad est\u00e1 considerado como una joya \u00fanica del estilo de jard\u00edn Italiano en la Regi\u00f3n del V\u00e9neto.&#13;\n<\/p>\n\n<p>Este oasis de paz, en el coraz\u00f3n de Verona nos hace olvidar la confusi\u00f3n de la ciudad mientras paseamos en la avenida de cipreses o disfrutamos del panorama desde el belvedere.<\/p>\n\n<p>El jard\u00edn pertenece a la misma familia que lo cre\u00f3 desde el siglo XVI y nos recuerda la relevancia y la inspiraci\u00f3 que Agostino Giusti, su creador, ha sido para la sociedad de Verona de aquel tiempo.<\/p>\n\n<p>\u201c Jard\u00edn Literario\u201d es quiz\u00e1s la mejor forma para describir esta estructura arquitect\u00f3nica donde  literatura, mitolog\u00ed\u00e1,  historia y naturaleza se combinan dando forma a esta joya \u00fanica en su g\u00e9nero.<\/p>\n\n<p>Er aparte del Grand Tour, que desde el siglo XVIII era una importante etapa paara viajeros y personalidades como Mozart y Goethe entre otros.<\/p>\n\n<p>Unete a nostros en un viaje a trav\u00e9s de los siglos de su gloriosa historia.<\/p>\n\n<p><span style=\"font-family: verdana, geneva, sans-serif;\" data-mce-style=\"font-family: verdana, geneva, sans-serif;\"><strong>En breve<\/strong><\/span> :<\/p>\n\n<p>Un tour para acercarnos a la naturaleza y a la historia del jard\u00edn, que ha evolucionado paralelamente al mundo pol\u00edtico a trav\u00e9s de los siglos.&#13;\nConozcamos una obra de arte de diversa naturaleza<\/p>\n\n<p><strong><span style=\"font-size: 12pt; font-family: verdana, geneva, sans-serif;\" data-mce-style=\"font-size: 12pt; font-family: verdana, geneva, sans-serif;\">Duraci<\/span><\/strong><span style=\"font-family: Bookman Old Style, serif;\"><span style=\"font-size: medium;\"><strong><span style=\"font-size: 12pt; font-family: verdana, geneva, sans-serif;\" data-mce-style=\"font-size: 12pt; font-family: verdana, geneva, sans-serif;\">\u00f3n del tour<\/span><\/strong> <span style=\"font-family: verdana, geneva, sans-serif;\" data-mce-style=\"font-family: verdana, geneva, sans-serif;\">: a partir de 2 horas<\/span><\/span><\/span><\/p><p><strong style=\"font-family: verdana, geneva, sans-serif;\">Tarifa <\/strong><span style=\"font-family: verdana, geneva, sans-serif;\">: a partir de 75\u20ac\/h<\/span><\/p><p><br\/><strong>Tariffa<\/strong>: a partire da 75\u20ac\/h<\/p>\n","protected":false},"excerpt":{"rendered":"<p>Este jard\u00edn del Renacimiento tard\u00edo situado sobre la ladera de una colina que se abre a la ciudad est\u00e1 considerado como una joya \u00fanica del estilo de jard\u00edn Italiano en la Regi\u00f3n del V\u00e9neto.&#13; Este oasis de paz, en el coraz\u00f3n de Verona nos hace olvidar la confusi\u00f3n de la ciudad mientras paseamos en la [&hellip;]<\/p>\n","protected":false},"author":7,"featured_media":1357,"comment_status":"closed","ping_status":"closed","sticky":false,"template":"","format":"standard","meta":{"footnotes":""},"class_list":["post-1682","post","type-post","status-publish","format-standard","has-post-thumbnail","hentry"],"yoast_head":"<!-- This site is optimized with the Yoast SEO plugin v24.7 - https:\/\/yoast.com\/wordpress\/plugins\/seo\/ -->\n<title>El Jard\u00edn Giusti - Best Verona Guides<\/title>\n<meta name=\"robots\" content=\"index, follow, max-snippet:-1, max-image-preview:large, max-video-preview:-1\" \/>\n<link rel=\"canonical\" href=\"https:\/\/bestveronaguides.it\/es\/el-jardin-giusti\/\" \/>\n<meta property=\"og:locale\" content=\"es_ES\" \/>\n<meta property=\"og:type\" content=\"article\" \/>\n<meta property=\"og:title\" content=\"El Jard\u00edn Giusti - Best Verona Guides\" \/>\n<meta property=\"og:description\" content=\"Este jard\u00edn del Renacimiento tard\u00edo situado sobre la ladera de una colina que se abre a la ciudad est\u00e1 considerado como una joya \u00fanica del estilo de jard\u00edn Italiano en la Regi\u00f3n del V\u00e9neto.&#013; Este oasis de paz, en el coraz\u00f3n de Verona nos hace olvidar la confusi\u00f3n de la ciudad mientras paseamos en la [&hellip;]\" \/>\n<meta property=\"og:url\" content=\"https:\/\/bestveronaguides.it\/es\/el-jardin-giusti\/\" \/>\n<meta property=\"og:site_name\" content=\"Best Verona Guides\" \/>\n<meta property=\"article:published_time\" content=\"2022-12-11T15:07:44+00:00\" \/>\n<meta property=\"article:modified_time\" content=\"2022-12-11T15:07:51+00:00\" \/>\n<meta property=\"og:image\" content=\"https:\/\/bestveronaguides.it\/media\/giusti-1-1.jpg\" \/>\n\t<meta property=\"og:image:width\" content=\"1280\" \/>\n\t<meta property=\"og:image:height\" content=\"414\" \/>\n\t<meta property=\"og:image:type\" content=\"image\/jpeg\" \/>\n<meta name=\"author\" content=\"BestVeronaGuides\" \/>\n<meta name=\"twitter:card\" content=\"summary_large_image\" \/>\n<meta name=\"twitter:label1\" content=\"Escrito por\" \/>\n\t<meta name=\"twitter:data1\" content=\"BestVeronaGuides\" \/>\n\t<meta name=\"twitter:label2\" content=\"Tiempo de lectura\" \/>\n\t<meta name=\"twitter:data2\" content=\"1 minuto\" \/>\n<script type=\"application\/ld+json\" class=\"yoast-schema-graph\">{\"@context\":\"https:\/\/schema.org\",\"@graph\":[{\"@type\":\"Article\",\"@id\":\"https:\/\/bestveronaguides.it\/es\/el-jardin-giusti\/#article\",\"isPartOf\":{\"@id\":\"https:\/\/bestveronaguides.it\/es\/el-jardin-giusti\/\"},\"author\":{\"name\":\"BestVeronaGuides\",\"@id\":\"https:\/\/bestveronaguides.it\/es\/#\/schema\/person\/ada437f9deacadcb0cc91bfb0cc25fba\"},\"headline\":\"El Jard\u00edn Giusti\",\"datePublished\":\"2022-12-11T15:07:44+00:00\",\"dateModified\":\"2022-12-11T15:07:51+00:00\",\"mainEntityOfPage\":{\"@id\":\"https:\/\/bestveronaguides.it\/es\/el-jardin-giusti\/\"},\"wordCount\":243,\"publisher\":{\"@id\":\"https:\/\/bestveronaguides.it\/es\/#organization\"},\"image\":{\"@id\":\"https:\/\/bestveronaguides.it\/es\/el-jardin-giusti\/#primaryimage\"},\"thumbnailUrl\":\"https:\/\/bestveronaguides.it\/media\/giusti-1-1.jpg\",\"inLanguage\":\"es\"},{\"@type\":\"WebPage\",\"@id\":\"https:\/\/bestveronaguides.it\/es\/el-jardin-giusti\/\",\"url\":\"https:\/\/bestveronaguides.it\/es\/el-jardin-giusti\/\",\"name\":\"El Jard\u00edn Giusti - Best Verona Guides\",\"isPartOf\":{\"@id\":\"https:\/\/bestveronaguides.it\/es\/#website\"},\"primaryImageOfPage\":{\"@id\":\"https:\/\/bestveronaguides.it\/es\/el-jardin-giusti\/#primaryimage\"},\"image\":{\"@id\":\"https:\/\/bestveronaguides.it\/es\/el-jardin-giusti\/#primaryimage\"},\"thumbnailUrl\":\"https:\/\/bestveronaguides.it\/media\/giusti-1-1.jpg\",\"datePublished\":\"2022-12-11T15:07:44+00:00\",\"dateModified\":\"2022-12-11T15:07:51+00:00\",\"breadcrumb\":{\"@id\":\"https:\/\/bestveronaguides.it\/es\/el-jardin-giusti\/#breadcrumb\"},\"inLanguage\":\"es\",\"potentialAction\":[{\"@type\":\"ReadAction\",\"target\":[\"https:\/\/bestveronaguides.it\/es\/el-jardin-giusti\/\"]}]},{\"@type\":\"ImageObject\",\"inLanguage\":\"es\",\"@id\":\"https:\/\/bestveronaguides.it\/es\/el-jardin-giusti\/#primaryimage\",\"url\":\"https:\/\/bestveronaguides.it\/media\/giusti-1-1.jpg\",\"contentUrl\":\"https:\/\/bestveronaguides.it\/media\/giusti-1-1.jpg\",\"width\":1280,\"height\":414},{\"@type\":\"BreadcrumbList\",\"@id\":\"https:\/\/bestveronaguides.it\/es\/el-jardin-giusti\/#breadcrumb\",\"itemListElement\":[{\"@type\":\"ListItem\",\"position\":1,\"name\":\"Home\",\"item\":\"https:\/\/bestveronaguides.it\/es\/\"},{\"@type\":\"ListItem\",\"position\":2,\"name\":\"El Jard\u00edn Giusti\"}]},{\"@type\":\"WebSite\",\"@id\":\"https:\/\/bestveronaguides.it\/es\/#website\",\"url\":\"https:\/\/bestveronaguides.it\/es\/\",\"name\":\"Best Verona Guides\",\"description\":\"La tua guida in un attimo\",\"publisher\":{\"@id\":\"https:\/\/bestveronaguides.it\/es\/#organization\"},\"potentialAction\":[{\"@type\":\"SearchAction\",\"target\":{\"@type\":\"EntryPoint\",\"urlTemplate\":\"https:\/\/bestveronaguides.it\/es\/?s={search_term_string}\"},\"query-input\":{\"@type\":\"PropertyValueSpecification\",\"valueRequired\":true,\"valueName\":\"search_term_string\"}}],\"inLanguage\":\"es\"},{\"@type\":\"Organization\",\"@id\":\"https:\/\/bestveronaguides.it\/es\/#organization\",\"name\":\"Associazione Assoguide Verona\",\"url\":\"https:\/\/bestveronaguides.it\/es\/\",\"logo\":{\"@type\":\"ImageObject\",\"inLanguage\":\"es\",\"@id\":\"https:\/\/bestveronaguides.it\/es\/#\/schema\/logo\/image\/\",\"url\":\"https:\/\/bestveronaguides.it\/media\/logo.png\",\"contentUrl\":\"https:\/\/bestveronaguides.it\/media\/logo.png\",\"width\":444,\"height\":237,\"caption\":\"Associazione Assoguide Verona\"},\"image\":{\"@id\":\"https:\/\/bestveronaguides.it\/es\/#\/schema\/logo\/image\/\"}},{\"@type\":\"Person\",\"@id\":\"https:\/\/bestveronaguides.it\/es\/#\/schema\/person\/ada437f9deacadcb0cc91bfb0cc25fba\",\"name\":\"BestVeronaGuides\",\"url\":\"https:\/\/bestveronaguides.it\/es\/guide\/bestveronaguides\/\"}]}<\/script>\n<!-- \/ Yoast SEO plugin. -->","yoast_head_json":{"title":"El Jard\u00edn Giusti - Best Verona Guides","robots":{"index":"index","follow":"follow","max-snippet":"max-snippet:-1","max-image-preview":"max-image-preview:large","max-video-preview":"max-video-preview:-1"},"canonical":"https:\/\/bestveronaguides.it\/es\/el-jardin-giusti\/","og_locale":"es_ES","og_type":"article","og_title":"El Jard\u00edn Giusti - Best Verona Guides","og_description":"Este jard\u00edn del Renacimiento tard\u00edo situado sobre la ladera de una colina que se abre a la ciudad est\u00e1 considerado como una joya \u00fanica del estilo de jard\u00edn Italiano en la Regi\u00f3n del V\u00e9neto.&#13; Este oasis de paz, en el coraz\u00f3n de Verona nos hace olvidar la confusi\u00f3n de la ciudad mientras paseamos en la [&hellip;]","og_url":"https:\/\/bestveronaguides.it\/es\/el-jardin-giusti\/","og_site_name":"Best Verona Guides","article_published_time":"2022-12-11T15:07:44+00:00","article_modified_time":"2022-12-11T15:07:51+00:00","og_image":[{"width":1280,"height":414,"url":"https:\/\/bestveronaguides.it\/media\/giusti-1-1.jpg","type":"image\/jpeg"}],"author":"BestVeronaGuides","twitter_card":"summary_large_image","twitter_misc":{"Escrito por":"BestVeronaGuides","Tiempo de lectura":"1 minuto"},"schema":{"@context":"https:\/\/schema.org","@graph":[{"@type":"Article","@id":"https:\/\/bestveronaguides.it\/es\/el-jardin-giusti\/#article","isPartOf":{"@id":"https:\/\/bestveronaguides.it\/es\/el-jardin-giusti\/"},"author":{"name":"BestVeronaGuides","@id":"https:\/\/bestveronaguides.it\/es\/#\/schema\/person\/ada437f9deacadcb0cc91bfb0cc25fba"},"headline":"El Jard\u00edn Giusti","datePublished":"2022-12-11T15:07:44+00:00","dateModified":"2022-12-11T15:07:51+00:00","mainEntityOfPage":{"@id":"https:\/\/bestveronaguides.it\/es\/el-jardin-giusti\/"},"wordCount":243,"publisher":{"@id":"https:\/\/bestveronaguides.it\/es\/#organization"},"image":{"@id":"https:\/\/bestveronaguides.it\/es\/el-jardin-giusti\/#primaryimage"},"thumbnailUrl":"https:\/\/bestveronaguides.it\/media\/giusti-1-1.jpg","inLanguage":"es"},{"@type":"WebPage","@id":"https:\/\/bestveronaguides.it\/es\/el-jardin-giusti\/","url":"https:\/\/bestveronaguides.it\/es\/el-jardin-giusti\/","name":"El Jard\u00edn Giusti - Best Verona Guides","isPartOf":{"@id":"https:\/\/bestveronaguides.it\/es\/#website"},"primaryImageOfPage":{"@id":"https:\/\/bestveronaguides.it\/es\/el-jardin-giusti\/#primaryimage"},"image":{"@id":"https:\/\/bestveronaguides.it\/es\/el-jardin-giusti\/#primaryimage"},"thumbnailUrl":"https:\/\/bestveronaguides.it\/media\/giusti-1-1.jpg","datePublished":"2022-12-11T15:07:44+00:00","dateModified":"2022-12-11T15:07:51+00:00","breadcrumb":{"@id":"https:\/\/bestveronaguides.it\/es\/el-jardin-giusti\/#breadcrumb"},"inLanguage":"es","potentialAction":[{"@type":"ReadAction","target":["https:\/\/bestveronaguides.it\/es\/el-jardin-giusti\/"]}]},{"@type":"ImageObject","inLanguage":"es","@id":"https:\/\/bestveronaguides.it\/es\/el-jardin-giusti\/#primaryimage","url":"https:\/\/bestveronaguides.it\/media\/giusti-1-1.jpg","contentUrl":"https:\/\/bestveronaguides.it\/media\/giusti-1-1.jpg","width":1280,"height":414},{"@type":"BreadcrumbList","@id":"https:\/\/bestveronaguides.it\/es\/el-jardin-giusti\/#breadcrumb","itemListElement":[{"@type":"ListItem","position":1,"name":"Home","item":"https:\/\/bestveronaguides.it\/es\/"},{"@type":"ListItem","position":2,"name":"El Jard\u00edn Giusti"}]},{"@type":"WebSite","@id":"https:\/\/bestveronaguides.it\/es\/#website","url":"https:\/\/bestveronaguides.it\/es\/","name":"Best Verona Guides","description":"La tua guida in un attimo","publisher":{"@id":"https:\/\/bestveronaguides.it\/es\/#organization"},"potentialAction":[{"@type":"SearchAction","target":{"@type":"EntryPoint","urlTemplate":"https:\/\/bestveronaguides.it\/es\/?s={search_term_string}"},"query-input":{"@type":"PropertyValueSpecification","valueRequired":true,"valueName":"search_term_string"}}],"inLanguage":"es"},{"@type":"Organization","@id":"https:\/\/bestveronaguides.it\/es\/#organization","name":"Associazione Assoguide Verona","url":"https:\/\/bestveronaguides.it\/es\/","logo":{"@type":"ImageObject","inLanguage":"es","@id":"https:\/\/bestveronaguides.it\/es\/#\/schema\/logo\/image\/","url":"https:\/\/bestveronaguides.it\/media\/logo.png","contentUrl":"https:\/\/bestveronaguides.it\/media\/logo.png","width":444,"height":237,"caption":"Associazione Assoguide Verona"},"image":{"@id":"https:\/\/bestveronaguides.it\/es\/#\/schema\/logo\/image\/"}},{"@type":"Person","@id":"https:\/\/bestveronaguides.it\/es\/#\/schema\/person\/ada437f9deacadcb0cc91bfb0cc25fba","name":"BestVeronaGuides","url":"https:\/\/bestveronaguides.it\/es\/guide\/bestveronaguides\/"}]}},"_links":{"self":[{"href":"https:\/\/bestveronaguides.it\/es\/wp-json\/wp\/v2\/posts\/1682","targetHints":{"allow":["GET"]}}],"collection":[{"href":"https:\/\/bestveronaguides.it\/es\/wp-json\/wp\/v2\/posts"}],"about":[{"href":"https:\/\/bestveronaguides.it\/es\/wp-json\/wp\/v2\/types\/post"}],"author":[{"embeddable":true,"href":"https:\/\/bestveronaguides.it\/es\/wp-json\/wp\/v2\/users\/7"}],"replies":[{"embeddable":true,"href":"https:\/\/bestveronaguides.it\/es\/wp-json\/wp\/v2\/comments?post=1682"}],"version-history":[{"count":0,"href":"https:\/\/bestveronaguides.it\/es\/wp-json\/wp\/v2\/posts\/1682\/revisions"}],"wp:featuredmedia":[{"embeddable":true,"href":"https:\/\/bestveronaguides.it\/es\/wp-json\/wp\/v2\/media\/1357"}],"wp:attachment":[{"href":"https:\/\/bestveronaguides.it\/es\/wp-json\/wp\/v2\/media?parent=1682"}],"curies":[{"name":"wp","href":"https:\/\/api.w.org\/{rel}","templated":true}]}}